{"id":22048,"date":"2015-09-29T07:15:00","date_gmt":"2015-09-29T05:15:00","guid":{"rendered":"https:\/\/coreit.se\/okategoriserad\/seminar-with-windows-and-hp-on-october-21-and-22"},"modified":"2026-03-26T07:27:43","modified_gmt":"2026-03-26T06:27:43","slug":"seminar-with-windows-and-hp-on-october-21-and-22","status":"publish","type":"post","link":"https:\/\/coreit.se\/en\/seminary\/seminar-with-windows-and-hp-on-october-21-and-22","title":{"rendered":"Seminar with Windows and HP on October 21 and 22"},"content":{"rendered":"\n<h2>Theme: WORKPLACE<\/h2>\n<strong>Welcome to an interesting seminar where we focus on systems and products to improve the functioning and efficiency of workplaces.<\/strong>\n<h2>Today&#8217;s agenda<\/h2>\nWe split the afternoon into two sessions.\n<h3>Pass 1<\/h3>\n<strong>Windows 10 from a user perspective: \n<\/strong>We go through some of the new features in Windows 10 that users will notice and show some of the improvements that have been made to increase productivity.&nbsp;\n\n<strong>Windows 10 from a business perspective:\n<\/strong>Here we go through what you may need to know about Windows 10 from a business perspective. For example, how do we upgrade to Windows 10, how does it work with Windows Update, etc. &nbsp;\n\nAlso a section on the benefits of Windows 10 from an administrative and security perspective.&nbsp;\n<h3>Pope<\/h3>\nCoffee and leg stretching\n<h3>Pass 2<\/h3>\nHP visits us with news on the PC side with a focus on mobility.\n\nWe will see tablets and 2-in-1 (hybrids) and know how they work with Windows 10. We also get insight into how HP sees the future of the PC side and business analysis.\n\n&nbsp;\n<h3>How CoreIT can help you further<\/h3>\nAfter the seminar, talk more with CoreIT based on your company&#8217;s needs and conditions. CoreIT will help you develop customized solutions for your business. \n\n&nbsp;\n<h2>Timr\u00e5 October 21<\/h2>\n<table style=\"width: 640px;\">\n<tbody>\n<tr>\n<td style=\"width: 80px; text-align: left; padding-right: 30px; vertical-align: top;\">Date: <\/td>\n<td>Wednesday, October 21<\/td>\n<\/tr>\n<tr>\n<td style=\"text-align: left; padding-right: 30px; vertical-align: top;\">Time:<\/td>\n<td>13.00-17.00<\/td>\n<\/tr>\n<tr>\n<td style=\"text-align: left; padding-right: 30px; vertical-align: top;\">Location:<\/td>\n<td>S\u00f6r\u00e5kers Herrg\u00e5rd in Timr\u00e5 <a href=\"http:\/\/www.sorakersherrgard.com\" target=\"_blank\" rel=\"noopener\">www.sorakersherrgard.com<\/a><\/td>\n<\/tr>\n<tr>\n<td style=\"text-align: left; padding-right: 30px; vertical-align: top;\">Registration:<\/td>\n<td>Registration is closed<\/td>\n<\/tr>\n<\/tbody>\n<\/table>\n<h2>\u00d6rnsk\u00f6ldsvik October 22<\/h2>\n<table style=\"width: 640px;\">\n<tbody>\n<tr>\n<td style=\"width: 80px; text-align: left; padding-right: 30px; vertical-align: top;\">Date: <\/td>\n<td>Thursday, October 22<\/td>\n<\/tr>\n<tr>\n<td style=\"text-align: left; padding-right: 30px; vertical-align: top;\">Time:<\/td>\n<td>13.00-17.00<\/td>\n<\/tr>\n<tr>\n<td style=\"text-align: left; padding-right: 30px; vertical-align: top;\">Location:<\/td>\n<td>CoreIT, H\u00f6rneborgsv\u00e4gen 11 (AKZO building), floor 3<\/td>\n<\/tr>\n<tr>\n<td style=\"text-align: left; padding-right: 30px; vertical-align: top;\">Registration:<\/td>\n<td>Registration is closed<\/td>\n<\/tr>\n<tr>\n<td style=\"text-align: left; padding-right: 30px; vertical-align: top;\">Other:<\/td>\n<td>We end with a nice evening activity (food + Modo home game) for those who have the opportunity. Please note that the number of seats is limited, first come first served.<\/td>\n<\/tr>\n<\/tbody>\n<\/table>\n&nbsp;\n\nA warm welcome to you!<span style=\"color: #c3161c; font-size: 12pt;\"><span style=\"color: #c3161c; font-size: 12pt;\">\n<\/span><\/span>\n","protected":false},"excerpt":{"rendered":"<p>Theme: WORKPLACE Welcome to an interesting seminar where we focus on systems and products to improve the functioning and efficiency of workplaces. Today&#8217;s agenda We split the afternoon into two sessions. Pass 1 Windows 10 from a user perspective: We go through some of the new features in Windows 10 that users will notice and [&hellip;]<\/p>\n","protected":false},"author":1,"featured_media":0,"comment_status":"open","ping_status":"open","sticky":false,"template":"","format":"standard","meta":{"_acf_changed":false,"footnotes":""},"categories":[199],"tags":[],"class_list":["post-22048","post","type-post","status-publish","format-standard","hentry","category-seminary"],"acf":[],"_links":{"self":[{"href":"https:\/\/coreit.se\/en\/wp-json\/wp\/v2\/posts\/22048","targetHints":{"allow":["GET"]}}],"collection":[{"href":"https:\/\/coreit.se\/en\/wp-json\/wp\/v2\/posts"}],"about":[{"href":"https:\/\/coreit.se\/en\/wp-json\/wp\/v2\/types\/post"}],"author":[{"embeddable":true,"href":"https:\/\/coreit.se\/en\/wp-json\/wp\/v2\/users\/1"}],"replies":[{"embeddable":true,"href":"https:\/\/coreit.se\/en\/wp-json\/wp\/v2\/comments?post=22048"}],"version-history":[{"count":0,"href":"https:\/\/coreit.se\/en\/wp-json\/wp\/v2\/posts\/22048\/revisions"}],"wp:attachment":[{"href":"https:\/\/coreit.se\/en\/wp-json\/wp\/v2\/media?parent=22048"}],"wp:term":[{"taxonomy":"category","embeddable":true,"href":"https:\/\/coreit.se\/en\/wp-json\/wp\/v2\/categories?post=22048"},{"taxonomy":"post_tag","embeddable":true,"href":"https:\/\/coreit.se\/en\/wp-json\/wp\/v2\/tags?post=22048"}],"curies":[{"name":"wp","href":"https:\/\/api.w.org\/{rel}","templated":true}]}}