{"id":22009,"date":"2014-12-29T12:05:36","date_gmt":"2014-12-29T11:05:36","guid":{"rendered":"https:\/\/coreit.se\/okategoriserad\/hp-and-symantec-seminar-on-january-21-and-22"},"modified":"2026-03-26T07:27:36","modified_gmt":"2026-03-26T06:27:36","slug":"hp-and-symantec-seminar-on-january-21-and-22","status":"publish","type":"post","link":"https:\/\/coreit.se\/en\/seminary\/hp-and-symantec-seminar-on-january-21-and-22","title":{"rendered":"HP and Symantec seminar on January 21 and 22"},"content":{"rendered":"\n<h2><span style=\"font-size: 14pt;\">Business analysis and trends with HP and Symantec<\/span><\/h2>\n<h3>Welcome to an interesting seminar on storage and backup, what challenges exist and how we can easily solve them.<\/h3>\n<h3>At the same time, we are offered a review in Backup Exec 2014 and HP Storage &amp; BURA.<\/h3>\n<span style=\"font-size: 14px;\">The seminar is held in both \u00d6rnsk\u00f6ldsvik and Timr\u00e5 so that more people can participate in the competence days.<\/span>&nbsp;&nbsp;&nbsp;\n<h2>Today&#8217;s agenda<\/h2>\n<h3>Pass 1<\/h3>\n<span style=\"font-size: 10pt;\">This session is aimed at those who have a leading or decision-making role in IT at your company.\nBusiness intelligence, how do HP and Symantec see the trends that drive the future of Storage and backup solutions. r.<\/span>\n<h3><span style=\"font-size: 10pt;\">Pass 2<\/span><\/h3>\nPass 2 for the techies: a combination with Symantec Backup Exec 2014) as well as HP (storage solutions\/backup hardware) which gives an insight into what is happening in the field.\n\nBuild scalable solutions with HP Storage &amp; BURA, the importance of choosing the right one!&nbsp;\n\nWhat&#8217;s new in Symantec Backup Exec 2014.\n\n&nbsp;\n\n<span style=\"color: black; font-size: 10pt; font-weight: bold;\">How CoreIT can help you further<\/span>\n\nAfter the seminar, talk more with CoreIT based on your company&#8217;s needs and conditions. CoreIT will help you develop customized solutions for your business. \n\n&nbsp;\n<h2>Timr\u00e5 January 21<\/h2>\n<table style=\"width: 640px;\">\n<tbody>\n<tr>\n<td style=\"width: 80px; text-align: left; padding-right: 30px; vertical-align: top;\">Date: <\/td>\n<td>Wednesday, January 21<\/td>\n<\/tr>\n<tr>\n<td style=\"text-align: left; padding-right: 30px; vertical-align: top;\">Time session 1:<\/td>\n<td>13.00-14.45 &#8211; for decision makers<\/td>\n<\/tr>\n<tr>\n<td style=\"text-align: left; padding-right: 30px; vertical-align: top;\">Time session 2:<\/td>\n<td>15.00-16.45 &#8211; for technicians<\/td>\n<\/tr>\n<tr>\n<td style=\"text-align: left; padding-right: 30px; vertical-align: top;\">Location:<\/td>\n<td>S\u00f6r\u00e5kers Herrg\u00e5rd in Timr\u00e5 <a href=\"http:\/\/www.sorakersherrgard.com\" target=\"_blank\" rel=\"noopener\">www.sorakersherrgard.com<\/a><\/td>\n<\/tr>\n<tr>\n<td style=\"text-align: left; padding-right: 30px; vertical-align: top;\">Registration:<\/td>\n<td>Send your registration to: <a href=\"mailto:kompetensdagar@coreit.se\">kompetensdagar@coreit.se<\/a> or register using the form here.<\/td>\n<\/tr>\n<\/tbody>\n<\/table>\n<h2>\u00d6rnsk\u00f6ldsvik January 22<\/h2>\n<table style=\"width: 640px;\">\n<tbody>\n<tr>\n<td style=\"width: 80px; text-align: left; padding-right: 30px; vertical-align: top;\">Date: <\/td>\n<td>Thursday, January 22<\/td>\n<\/tr>\n<tr>\n<td style=\"text-align: left; padding-right: 30px; vertical-align: top;\">Time session 1:<\/td>\n<td>10.00-11.45 &#8211; for decision makers<\/td>\n<\/tr>\n<tr>\n<td style=\"text-align: left; padding-right: 30px; vertical-align: top;\">Time session 2:<\/td>\n<td>15.00-16.45 &#8211; for technicians<\/td>\n<\/tr>\n<tr>\n<td style=\"text-align: left; padding-right: 30px; vertical-align: top;\">Location:<\/td>\n<td>CoreIT, H\u00f6rneborgsv\u00e4gen 11 (AKZO building), floor 3<\/td>\n<\/tr>\n<tr>\n<td style=\"text-align: left; padding-right: 30px; vertical-align: top;\">Registration:<\/td>\n<td>Send your registration to: <a href=\"mailto:kompetensdagar@coreit.se\">kompetensdagar@coreit.se<\/a> or register using the form here.<\/td>\n<\/tr>\n<tr>\n<td style=\"text-align: left; padding-right: 30px; vertical-align: top;\">Other:<\/td>\n<td>We end with a nice evening activity (food + Modo home game) for those who have the opportunity. Please note that the number of seats is limited, first come first served.<\/td>\n<\/tr>\n<\/tbody>\n<\/table>\n<em><strong>\n\nA warm welcome to you!<\/strong>\n\nRegistration is closed!<\/em><span style=\"color: #c3161c; font-size: 12pt;\"><span style=\"color: #c3161c; font-size: 12pt;\">\n<\/span><\/span>\n","protected":false},"excerpt":{"rendered":"<p>Business analysis and trends with HP and Symantec Welcome to an interesting seminar on storage and backup, what challenges exist and how we can easily solve them. At the same time, we are offered a review in Backup Exec 2014 and HP Storage &amp; BURA. The seminar is held in both \u00d6rnsk\u00f6ldsvik and Timr\u00e5 so [&hellip;]<\/p>\n","protected":false},"author":1,"featured_media":0,"comment_status":"open","ping_status":"open","sticky":false,"template":"","format":"standard","meta":{"_acf_changed":false,"footnotes":""},"categories":[199],"tags":[],"class_list":["post-22009","post","type-post","status-publish","format-standard","hentry","category-seminary"],"acf":[],"_links":{"self":[{"href":"https:\/\/coreit.se\/en\/wp-json\/wp\/v2\/posts\/22009","targetHints":{"allow":["GET"]}}],"collection":[{"href":"https:\/\/coreit.se\/en\/wp-json\/wp\/v2\/posts"}],"about":[{"href":"https:\/\/coreit.se\/en\/wp-json\/wp\/v2\/types\/post"}],"author":[{"embeddable":true,"href":"https:\/\/coreit.se\/en\/wp-json\/wp\/v2\/users\/1"}],"replies":[{"embeddable":true,"href":"https:\/\/coreit.se\/en\/wp-json\/wp\/v2\/comments?post=22009"}],"version-history":[{"count":0,"href":"https:\/\/coreit.se\/en\/wp-json\/wp\/v2\/posts\/22009\/revisions"}],"wp:attachment":[{"href":"https:\/\/coreit.se\/en\/wp-json\/wp\/v2\/media?parent=22009"}],"wp:term":[{"taxonomy":"category","embeddable":true,"href":"https:\/\/coreit.se\/en\/wp-json\/wp\/v2\/categories?post=22009"},{"taxonomy":"post_tag","embeddable":true,"href":"https:\/\/coreit.se\/en\/wp-json\/wp\/v2\/tags?post=22009"}],"curies":[{"name":"wp","href":"https:\/\/api.w.org\/{rel}","templated":true}]}}