{"id":21943,"date":"2014-11-04T12:21:12","date_gmt":"2014-11-04T11:21:12","guid":{"rendered":"https:\/\/coreit.se\/okategoriserad\/lenovo-seminar-on-november-26-and-27"},"modified":"2026-03-26T07:27:36","modified_gmt":"2026-03-26T06:27:36","slug":"lenovo-seminar-on-november-26-and-27","status":"publish","type":"post","link":"https:\/\/coreit.se\/en\/seminary\/lenovo-seminar-on-november-26-and-27","title":{"rendered":"Lenovo seminar on November 26 and 27"},"content":{"rendered":"\n<h3>The skills days continue, this time with news from Lenovo.<\/h3>\nThe seminar is held in both \u00d6rnsk\u00f6ldsvik and Timr\u00e5 so that more people can participate in the competence days.\n<h2>Today&#8217;s Agenda<\/h2>\n<strong>Pass 1:<\/strong>\n<strong>Finance your IT quickly, easily and on good terms<\/strong>\n\n&#8211; Buying or renting?\n&#8211; What&#8217;s really cheaper?\n&#8211; Customized insurance\n&#8211; Dealing with old equipment\n<strong>\nPass 2:\nLenovo &#8220;FOR THOSE WHO DO&#8221;  <\/strong>\n\n&#8211; Lenovo today and in the future&nbsp;\n&#8211; Review of new areas, server and storage, mobile etc.\n&#8211; Product review\n&#8211; ThinkPad Classic The world&#8217;s best &#8220;Business machines&#8221;<strong>\n<\/strong>\n\n<strong>How we can help you<\/strong>\nIf, after the skills day, you would like to meet and talk more about your business needs, we are happy to do so. We can help you develop tailor-made solutions for your business.\n\n&nbsp;\n<h2>Timr\u00e5 November 26<\/h2>\n<table style=\"width: 640px;\">\n<tbody>\n<tr>\n<td style=\"text-align: left; padding-right: 30px; vertical-align: top;\">Date: <\/td>\n<td>Wednesday, November 26<\/td>\n<\/tr>\n<tr>\n<td style=\"text-align: left; padding-right: 30px; vertical-align: top;\">Time:<\/td>\n<td>13.00-16.00<\/td>\n<\/tr>\n<tr>\n<td style=\"text-align: left; padding-right: 30px; vertical-align: top;\">Location:<\/td>\n<td>S\u00f6r\u00e5kers Herrg\u00e5rd in Timr\u00e5 <a href=\"http:\/\/www.sorakersherrgard.com\" target=\"_blank\" rel=\"noopener\">www.sorakersherrgard.com<\/a><\/td>\n<\/tr>\n<tr>\n<td style=\"text-align: left; padding-right: 30px; vertical-align: top;\">Registration:<\/td>\n<td>Registration is closed<\/td>\n<\/tr>\n<\/tbody>\n<\/table>\n&nbsp;\n<h2>\u00d6rnsk\u00f6ldsvik November 27<\/h2>\nThis day we have divided into two sessions aimed at different positions in IT where session 1 is aimed at you as a decision maker in IT and session 2 is more aimed at you as an IT technician.\n<table style=\"width: 640px;\">\n<tbody>\n<tr>\n<td style=\"width: 80px; text-align: left; padding-right: 30px; vertical-align: top;\">Date: <\/td>\n<td>Thursday, November 27<\/td>\n<\/tr>\n<tr>\n<td style=\"text-align: left; padding-right: 30px; vertical-align: top;\">Time session 1:<\/td>\n<td>10.00-12.00 (for decision makers)<\/td>\n<\/tr>\n<tr>\n<td style=\"text-align: left; padding-right: 30px; vertical-align: top;\">Time session 2:<\/td>\n<td>13.00-15.00 (for IT technicians)<\/td>\n<\/tr>\n<tr>\n<td style=\"text-align: left; padding-right: 30px; vertical-align: top;\">Location:<\/td>\n<td>CoreIT, H\u00f6rneborgsv\u00e4gen 11 (AKZO building), floor 3<\/td>\n<\/tr>\n<tr>\n<td style=\"text-align: left; padding-right: 30px; vertical-align: top;\">Registration:<\/td>\n<td>Registration is closed<\/td>\n<\/tr>\n<tr>\n<td style=\"text-align: left; padding-right: 30px; vertical-align: top;\">Other:<\/td>\n<td>We end with a nice evening activity (food + Modo home game) for those who have the opportunity. Please note that the number of seats is limited, first come first served.<\/td>\n<\/tr>\n<\/tbody>\n<\/table>\n&nbsp;\n\nA warm welcome to you!<span style=\"color: #c3161c; font-size: 12pt;\"><span style=\"color: #c3161c; font-size: 12pt;\">\n<\/span><\/span>\n","protected":false},"excerpt":{"rendered":"<p>The skills days continue, this time with news from Lenovo. The seminar is held in both \u00d6rnsk\u00f6ldsvik and Timr\u00e5 so that more people can participate in the competence days. Today&#8217;s Agenda Pass 1: Finance your IT quickly, easily and on good terms &#8211; Buying or renting? &#8211; What&#8217;s really cheaper? &#8211; Customized insurance &#8211; Dealing [&hellip;]<\/p>\n","protected":false},"author":1,"featured_media":0,"comment_status":"open","ping_status":"open","sticky":false,"template":"","format":"standard","meta":{"_acf_changed":false,"footnotes":""},"categories":[199],"tags":[],"class_list":["post-21943","post","type-post","status-publish","format-standard","hentry","category-seminary"],"acf":[],"_links":{"self":[{"href":"https:\/\/coreit.se\/en\/wp-json\/wp\/v2\/posts\/21943","targetHints":{"allow":["GET"]}}],"collection":[{"href":"https:\/\/coreit.se\/en\/wp-json\/wp\/v2\/posts"}],"about":[{"href":"https:\/\/coreit.se\/en\/wp-json\/wp\/v2\/types\/post"}],"author":[{"embeddable":true,"href":"https:\/\/coreit.se\/en\/wp-json\/wp\/v2\/users\/1"}],"replies":[{"embeddable":true,"href":"https:\/\/coreit.se\/en\/wp-json\/wp\/v2\/comments?post=21943"}],"version-history":[{"count":0,"href":"https:\/\/coreit.se\/en\/wp-json\/wp\/v2\/posts\/21943\/revisions"}],"wp:attachment":[{"href":"https:\/\/coreit.se\/en\/wp-json\/wp\/v2\/media?parent=21943"}],"wp:term":[{"taxonomy":"category","embeddable":true,"href":"https:\/\/coreit.se\/en\/wp-json\/wp\/v2\/categories?post=21943"},{"taxonomy":"post_tag","embeddable":true,"href":"https:\/\/coreit.se\/en\/wp-json\/wp\/v2\/tags?post=21943"}],"curies":[{"name":"wp","href":"https:\/\/api.w.org\/{rel}","templated":true}]}}