{"id":21859,"date":"2014-05-07T11:39:50","date_gmt":"2014-05-07T09:39:50","guid":{"rendered":"https:\/\/coreit.se\/okategoriserad\/safety-seminar-on-june-3-in-timra"},"modified":"2026-03-26T07:27:30","modified_gmt":"2026-03-26T06:27:30","slug":"safety-seminar-on-june-3-in-timra","status":"publish","type":"post","link":"https:\/\/coreit.se\/en\/seminary\/safety-seminar-on-june-3-in-timra","title":{"rendered":"Safety seminar on June 3 in Timr\u00e5"},"content":{"rendered":"\nAs the Competence Days are highly appreciated in \u00d6rnsk\u00f6ldsvik, CoreIT is now running the same program for you in the Timr\u00e5 area.\n<h3>When your only option is to be &#8216;up and running&#8217;.<\/h3>\nDuring a morning, you who are responsible for and\/or administer your company&#8217;s IT security will learn about trends, news and experiences in the security field from, among others, G\u00f6ran Strandberg, security expert at Symantec.\n\nRegistration closed\n","protected":false},"excerpt":{"rendered":"<p>As the Competence Days are highly appreciated in \u00d6rnsk\u00f6ldsvik, CoreIT is now running the same program for you in the Timr\u00e5 area. When your only option is to be &#8216;up and running&#8217;. During a morning, you who are responsible for and\/or administer your company&#8217;s IT security will learn about trends, news and experiences in the [&hellip;]<\/p>\n","protected":false},"author":1,"featured_media":0,"comment_status":"open","ping_status":"open","sticky":false,"template":"","format":"standard","meta":{"_acf_changed":false,"footnotes":""},"categories":[199],"tags":[],"class_list":["post-21859","post","type-post","status-publish","format-standard","hentry","category-seminary"],"acf":[],"_links":{"self":[{"href":"https:\/\/coreit.se\/en\/wp-json\/wp\/v2\/posts\/21859","targetHints":{"allow":["GET"]}}],"collection":[{"href":"https:\/\/coreit.se\/en\/wp-json\/wp\/v2\/posts"}],"about":[{"href":"https:\/\/coreit.se\/en\/wp-json\/wp\/v2\/types\/post"}],"author":[{"embeddable":true,"href":"https:\/\/coreit.se\/en\/wp-json\/wp\/v2\/users\/1"}],"replies":[{"embeddable":true,"href":"https:\/\/coreit.se\/en\/wp-json\/wp\/v2\/comments?post=21859"}],"version-history":[{"count":0,"href":"https:\/\/coreit.se\/en\/wp-json\/wp\/v2\/posts\/21859\/revisions"}],"wp:attachment":[{"href":"https:\/\/coreit.se\/en\/wp-json\/wp\/v2\/media?parent=21859"}],"wp:term":[{"taxonomy":"category","embeddable":true,"href":"https:\/\/coreit.se\/en\/wp-json\/wp\/v2\/categories?post=21859"},{"taxonomy":"post_tag","embeddable":true,"href":"https:\/\/coreit.se\/en\/wp-json\/wp\/v2\/tags?post=21859"}],"curies":[{"name":"wp","href":"https:\/\/api.w.org\/{rel}","templated":true}]}}